{"id":31376,"date":"2024-12-05T13:22:10","date_gmt":"2024-12-05T12:22:10","guid":{"rendered":"https:\/\/silviafernandez.com\/?p=31376"},"modified":"2025-08-28T09:46:13","modified_gmt":"2025-08-28T07:46:13","slug":"abiti-di-sposa-con-personalita-santander","status":"publish","type":"post","link":"https:\/\/silviafernandez.com\/it\/abiti-di-sposa-con-personalita-santander\/","title":{"rendered":"Vestidos de novia con personalidad, ahora en el nuevo atelier de Silvia Fern\u00e1ndez en Santander"},"content":{"rendered":"<div data-elementor-type=\"wp-post\" data-elementor-id=\"31376\" class=\"elementor elementor-31376\" data-elementor-post-type=\"post\">\n\t\t\t\t<div class=\"elementor-element elementor-element-622c5d55 e-flex e-con-boxed e-con e-parent\" data-id=\"622c5d55\" data-element_type=\"container\" data-e-type=\"container\" data-settings=\"{&quot;jet_parallax_layout_list&quot;:[]}\">\n\t\t\t\t\t<div class=\"e-con-inner\">\n\t\t\t\t<div class=\"elementor-element elementor-element-4695b721 elementor-widget elementor-widget-text-editor\" data-id=\"4695b721\" data-element_type=\"widget\" data-e-type=\"widget\" data-widget_type=\"text-editor.default\">\n\t\t\t\t\t\t\t\t\t<p><strong><a href=\"https:\/\/silviafernandez.com\/it\/vestidos-de-novia\/musas\/\">Abiti da sposa<\/a> <\/strong>che rispecchiano la vostra personalit\u00e0, ora nel nuovo atelier di <a href=\"https:\/\/silviafernandez.com\/it\/\">Silvia Fern\u00e1ndez<\/a> a<strong> Santander<\/strong>, una destinazione dai paesaggi unici e dal fascino marino, perfetta per vivere un'esperienza indimenticabile in <a href=\"https:\/\/silviafernandez.com\/it\/vestidos-de-novia\/musas\/\">moda nuziale<\/a><strong>\u00a0<\/strong>in Cantabria. Dal momento in cui varcherete la porta, il nostro team si dedicher\u00e0 a conoscere la vostra visione e a guidarvi in ogni fase del processo. Situato in <em>Calle San Fernando 38, <\/em>il nostro atelier vi invita a scoprire il <strong>abito da sposa<\/strong> che avete sempre sognato.<\/p>\t\t\t\t\t\t\t\t<\/div>\n\t\t\t\t\t<\/div>\n\t\t\t\t<\/div>\n\t\t<div class=\"elementor-element elementor-element-32873f1 e-flex e-con-boxed e-con e-parent\" data-id=\"32873f1\" data-element_type=\"container\" data-e-type=\"container\" data-settings=\"{&quot;jet_parallax_layout_list&quot;:[]}\">\n\t\t\t\t\t<div class=\"e-con-inner\">\n\t\t\t\t<div class=\"elementor-element elementor-element-632fbab elementor-widget elementor-widget-text-editor\" data-id=\"632fbab\" data-element_type=\"widget\" data-e-type=\"widget\" data-widget_type=\"text-editor.default\">\n\t\t\t\t\t\t\t\t\t<h3><strong>Eleganza Senza Tempo in ogni Design di Silvia Fern\u00e1ndez<\/strong><\/h3><p>La sede del nuovo atelier di <a href=\"https:\/\/silviafernandez.com\/it\/\">Silvia Fern\u00e1ndez<\/a>\u00a0collega il marchio al carattere unico e sofisticato di questa citt\u00e0 di mare. Situato nel centro di <strong>Santander<\/strong>, questo nuovo spazio offre alle spose l'opportunit\u00e0 di scoprire <a href=\"https:\/\/silviafernandez.com\/it\/vestidos-de-novia\/musas\/\">abiti da sposa<\/a>\u00a0che catturano la sua personalit\u00e0 e riflettono l'essenza di questa citt\u00e0.<\/p><p>L' <strong>eleganza senza tempo<\/strong> si riflette in ogni design realizzato con attenzione ai dettagli e alla qualit\u00e0 artigianale, dando vita a uno stile unico che trascende le tendenze attuali.<\/p>\t\t\t\t\t\t\t\t<\/div>\n\t\t\t\t\t<\/div>\n\t\t\t\t<\/div>\n\t\t<div class=\"elementor-element elementor-element-f27ac69 e-flex e-con-boxed e-con e-parent\" data-id=\"f27ac69\" data-element_type=\"container\" data-e-type=\"container\" data-settings=\"{&quot;jet_parallax_layout_list&quot;:[]}\">\n\t\t\t\t\t<div class=\"e-con-inner\">\n\t\t\t\t<div class=\"elementor-element elementor-element-fb9b9f5 elementor-widget elementor-widget-text-editor\" data-id=\"fb9b9f5\" data-element_type=\"widget\" data-e-type=\"widget\" data-widget_type=\"text-editor.default\">\n\t\t\t\t\t\t\t\t\t<h3 style=\"font-family: 'Playfair Display', Helvetica; color: #7a7a7a;\"><img fetchpriority=\"high\" decoding=\"async\" class=\"alignnone wp-image-30645 size-medium\" src=\"https:\/\/silviafernandez.com\/wp-content\/uploads\/2024\/04\/Vestidos-de-novia-2025-Silvia-Fernandez-MUSAS-Altea-200x300.jpg\" alt=\"Abiti da sposa 2025 Silvia Fernandez MUSAS Altea\" width=\"200\" height=\"300\" srcset=\"https:\/\/silviafernandez.com\/wp-content\/uploads\/2024\/04\/Vestidos-de-novia-2025-Silvia-Fernandez-MUSAS-Altea-200x300.jpg 200w, https:\/\/silviafernandez.com\/wp-content\/uploads\/2024\/04\/Vestidos-de-novia-2025-Silvia-Fernandez-MUSAS-Altea-8x12.jpg 8w, https:\/\/silviafernandez.com\/wp-content\/uploads\/2024\/04\/Vestidos-de-novia-2025-Silvia-Fernandez-MUSAS-Altea-400x599.jpg 400w, https:\/\/silviafernandez.com\/wp-content\/uploads\/2024\/04\/Vestidos-de-novia-2025-Silvia-Fernandez-MUSAS-Altea-500x749.jpg 500w, https:\/\/silviafernandez.com\/wp-content\/uploads\/2024\/04\/Vestidos-de-novia-2025-Silvia-Fernandez-MUSAS-Altea.jpg 665w\" sizes=\"(max-width: 200px) 100vw, 200px\" \/><\/h3><p style=\"font-family: 'Playfair Display', Helvetica; color: #7a7a7a;\"><a href=\"https:\/\/silviafernandez.com\/it\/vestidos-de-novia\/musas\/altea\/\">Altea<\/a><\/p>\t\t\t\t\t\t\t\t<\/div>\n\t\t\t\t\t<\/div>\n\t\t\t\t<\/div>\n\t\t<div class=\"elementor-element elementor-element-400866f e-flex e-con-boxed e-con e-parent\" data-id=\"400866f\" data-element_type=\"container\" data-e-type=\"container\" data-settings=\"{&quot;jet_parallax_layout_list&quot;:[]}\">\n\t\t\t\t\t<div class=\"e-con-inner\">\n\t\t\t\t<div class=\"elementor-element elementor-element-0a92ca5 elementor-widget elementor-widget-text-editor\" data-id=\"0a92ca5\" data-element_type=\"widget\" data-e-type=\"widget\" data-widget_type=\"text-editor.default\">\n\t\t\t\t\t\t\t\t\t<h3><strong>Artigianalit\u00e0 ed Esclusivit\u00e0: Abiti da Sposa Personalizzati<\/strong><\/h3><p>Ogni <strong>abito da sposa<\/strong> \u00e8 molto pi\u00f9 di un capo di abbigliamento; \u00e8 un'opera d'arte creata con dedizione per celebrare lo stile unico di ogni sposa. Il nostro processo di personalizzazione va dal primo schizzo, alla scelta dei tessuti fino alle rifiniture finali, che fanno la differenza nel garantire che ogni pezzo sia irripetibile. \u00a0<\/p><p>Da <a href=\"https:\/\/silviafernandez.com\/it\/\">Silvia Fern\u00e1ndez<\/a>, crediamo che ogni sposa sia speciale e che il suo abito debba essere un'estensione della sua storia. Per questo motivo, nel nostro atelier di <strong>Santander<\/strong>, creiamo <a href=\"https:\/\/silviafernandez.com\/it\/vestidos-de-novia\/musas\/\">abiti da sposa su misura<\/a>\u00a0che combinano design innovativi e audaci con <strong>artigianalit\u00e0<\/strong> e tradizione. Che si tratti di un taglio classico, a principessa o asimmetrico, ci adattiamo alle esigenze e ai desideri di ogni sposa con un unico obiettivo: <strong>farla brillare in ogni passo che compie verso l'altare.<\/strong><\/p>\t\t\t\t\t\t\t\t<\/div>\n\t\t\t\t\t<\/div>\n\t\t\t\t<\/div>\n\t\t<div class=\"elementor-element elementor-element-ca0ea9b e-flex e-con-boxed e-con e-parent\" data-id=\"ca0ea9b\" data-element_type=\"container\" data-e-type=\"container\" data-settings=\"{&quot;jet_parallax_layout_list&quot;:[]}\">\n\t\t\t\t\t<div class=\"e-con-inner\">\n\t\t\t\t<div class=\"elementor-element elementor-element-1c6fbed elementor-widget elementor-widget-text-editor\" data-id=\"1c6fbed\" data-element_type=\"widget\" data-e-type=\"widget\" data-widget_type=\"text-editor.default\">\n\t\t\t\t\t\t\t\t\t<h3 style=\"font-family: 'Playfair Display', Helvetica; color: #7a7a7a;\"><img decoding=\"async\" class=\"alignnone wp-image-30528 size-medium\" src=\"https:\/\/silviafernandez.com\/wp-content\/uploads\/2024\/09\/Vestidos-de-novia-2024-Silvia-Fernandez-MUSAS-ANTILLAS-3-200x300.jpg\" alt=\"Abiti da sposa 2025 di Silvia Fernandez - Collezione Musas Antillas\" width=\"200\" height=\"300\" srcset=\"https:\/\/silviafernandez.com\/wp-content\/uploads\/2024\/09\/Vestidos-de-novia-2024-Silvia-Fernandez-MUSAS-ANTILLAS-3-200x300.jpg 200w, https:\/\/silviafernandez.com\/wp-content\/uploads\/2024\/09\/Vestidos-de-novia-2024-Silvia-Fernandez-MUSAS-ANTILLAS-3-8x12.jpg 8w, https:\/\/silviafernandez.com\/wp-content\/uploads\/2024\/09\/Vestidos-de-novia-2024-Silvia-Fernandez-MUSAS-ANTILLAS-3-400x600.jpg 400w, https:\/\/silviafernandez.com\/wp-content\/uploads\/2024\/09\/Vestidos-de-novia-2024-Silvia-Fernandez-MUSAS-ANTILLAS-3-500x750.jpg 500w, https:\/\/silviafernandez.com\/wp-content\/uploads\/2024\/09\/Vestidos-de-novia-2024-Silvia-Fernandez-MUSAS-ANTILLAS-3.jpg 667w\" sizes=\"(max-width: 200px) 100vw, 200px\" \/><\/h3><p style=\"font-family: 'Playfair Display', Helvetica; color: #7a7a7a;\"><a href=\"https:\/\/silviafernandez.com\/it\/vestidos-de-novia\/musas\/antillas\/\">Antillas<\/a><\/p>\t\t\t\t\t\t\t\t<\/div>\n\t\t\t\t\t<\/div>\n\t\t\t\t<\/div>\n\t\t<div class=\"elementor-element elementor-element-ee3719d e-flex e-con-boxed e-con e-parent\" data-id=\"ee3719d\" data-element_type=\"container\" data-e-type=\"container\" data-settings=\"{&quot;jet_parallax_layout_list&quot;:[]}\">\n\t\t\t\t\t<div class=\"e-con-inner\">\n\t\t\t\t<div class=\"elementor-element elementor-element-0882d0b elementor-widget elementor-widget-text-editor\" data-id=\"0882d0b\" data-element_type=\"widget\" data-e-type=\"widget\" data-widget_type=\"text-editor.default\">\n\t\t\t\t\t\t\t\t\t<h3><strong>Un'Esperienza Che Va Oltre l'Abito da Sposa<\/strong><\/h3><p>Nell'atelier, il <strong>attenzione ai dettagli<\/strong> e la passione per <strong>alta moda<\/strong> fanno s\u00ec che ogni sposa si senta autentica e sicura nell'indossare un modello realizzato esclusivamente per lei. Questo approccio ci permette di creare <a href=\"https:\/\/silviafernandez.com\/it\/vestidos-de-novia\/musas\/\">abiti da sposa<\/a>\u00a0che raccontano una storia a s\u00e9 stante.<\/p><p>Ogni punto, ogni pizzo, ogni tessuto e ogni abbellimento \u00e8 realizzato con una cura eccezionale per garantire che il risultato finale sia pi\u00f9 di un semplice abito. Ecco perch\u00e9 <a href=\"https:\/\/silviafernandez.com\/it\/\">Silvia Fern\u00e1ndez<\/a>\u00a0disegna abiti che combinano alla perfezione <strong>eleganza e comfort<\/strong> .<\/p><p>Il nostro impegno nei confronti delle spose \u00e8 chiaro: realizzare un abito che non solo soddisfi le loro aspettative, ma le superi.<\/p>\t\t\t\t\t\t\t\t<\/div>\n\t\t\t\t\t<\/div>\n\t\t\t\t<\/div>\n\t\t<div class=\"elementor-element elementor-element-9138def e-flex e-con-boxed e-con e-parent\" data-id=\"9138def\" data-element_type=\"container\" data-e-type=\"container\" data-settings=\"{&quot;jet_parallax_layout_list&quot;:[]}\">\n\t\t\t\t\t<div class=\"e-con-inner\">\n\t\t\t\t<div class=\"elementor-element elementor-element-3f82a8b elementor-widget elementor-widget-text-editor\" data-id=\"3f82a8b\" data-element_type=\"widget\" data-e-type=\"widget\" data-widget_type=\"text-editor.default\">\n\t\t\t\t\t\t\t\t\t<h3 style=\"font-family: 'Playfair Display', Helvetica; color: #7a7a7a;\"><img decoding=\"async\" class=\"alignnone wp-image-30453 size-medium\" src=\"https:\/\/silviafernandez.com\/wp-content\/uploads\/2024\/09\/Trabaja-con-nosotros-bn-300x200.jpg\" alt=\"\" width=\"300\" height=\"200\" srcset=\"https:\/\/silviafernandez.com\/wp-content\/uploads\/2024\/09\/Trabaja-con-nosotros-bn-300x200.jpg 300w, https:\/\/silviafernandez.com\/wp-content\/uploads\/2024\/09\/Trabaja-con-nosotros-bn-1024x683.jpg 1024w, https:\/\/silviafernandez.com\/wp-content\/uploads\/2024\/09\/Trabaja-con-nosotros-bn-768x512.jpg 768w, https:\/\/silviafernandez.com\/wp-content\/uploads\/2024\/09\/Trabaja-con-nosotros-bn-1536x1024.jpg 1536w, https:\/\/silviafernandez.com\/wp-content\/uploads\/2024\/09\/Trabaja-con-nosotros-bn-18x12.jpg 18w, https:\/\/silviafernandez.com\/wp-content\/uploads\/2024\/09\/Trabaja-con-nosotros-bn-400x267.jpg 400w, https:\/\/silviafernandez.com\/wp-content\/uploads\/2024\/09\/Trabaja-con-nosotros-bn-500x333.jpg 500w, https:\/\/silviafernandez.com\/wp-content\/uploads\/2024\/09\/Trabaja-con-nosotros-bn-900x600.jpg 900w, https:\/\/silviafernandez.com\/wp-content\/uploads\/2024\/09\/Trabaja-con-nosotros-bn.jpg 2048w\" sizes=\"(max-width: 300px) 100vw, 300px\" \/><\/h3><p style=\"font-family: 'Playfair Display', Helvetica; color: #7a7a7a;\"><strong>Qualit\u00e0 artigianale<\/strong><\/p>\t\t\t\t\t\t\t\t<\/div>\n\t\t\t\t\t<\/div>\n\t\t\t\t<\/div>\n\t\t<div class=\"elementor-element elementor-element-2a63072 e-flex e-con-boxed e-con e-parent\" data-id=\"2a63072\" data-element_type=\"container\" data-e-type=\"container\" data-settings=\"{&quot;jet_parallax_layout_list&quot;:[]}\">\n\t\t\t\t\t<div class=\"e-con-inner\">\n\t\t\t\t<div class=\"elementor-element elementor-element-8d0946b elementor-widget elementor-widget-text-editor\" data-id=\"8d0946b\" data-element_type=\"widget\" data-e-type=\"widget\" data-widget_type=\"text-editor.default\">\n\t\t\t\t\t\t\t\t\t<h3><strong>Moda Sposa a Santander: Abiti da Sposa Che Lasciano il Segno<\/strong><\/h3><p>La nostra missione in <a href=\"https:\/\/silviafernandez.com\/it\/\">Silvia Fern\u00e1ndez<\/a>, \u00e8 quella di essere un punto di riferimento per la <a href=\"https:\/\/silviafernandez.com\/it\/vestidos-de-novia\/musas\/\">moda nuziale<\/a>\u00a0a <strong>Santander<\/strong>, offrendo <a href=\"https:\/\/silviafernandez.com\/it\/vestidos-de-novia\/musas\/\">abiti da sposa<\/a>\u00a0che ispirino. Nel nostro nuovo atelier, potrete scoprire la collezione <em><span style=\"text-decoration: underline;\"><strong>Musas<\/strong><\/span>, <\/em>dove ogni disegno \u00e8 creato con eccezionale cura per riflettere la vostra <strong>personalit\u00e0<\/strong> e la vostra <strong>essenza<\/strong> in ogni dettaglio.<\/p><p>L' <strong>abito da sposa<\/strong> dei vostri sogni vi aspetta a <strong>Santander<\/strong>. Vi invitiamo a visitarci e a scoprire perch\u00e9 siamo un punto di riferimento per gli <a href=\"https:\/\/silviafernandez.com\/it\/vestidos-de-novia\/musas\/\">abiti da sposa<\/a> che celebrano la bellezza e l'autenticit\u00e0 di ogni sposa.<\/p>\t\t\t\t\t\t\t\t<\/div>\n\t\t\t\t\t<\/div>\n\t\t\t\t<\/div>\n\t\t<div class=\"elementor-element elementor-element-8ea8cd0 e-flex e-con-boxed e-con e-parent\" data-id=\"8ea8cd0\" data-element_type=\"container\" data-e-type=\"container\" data-settings=\"{&quot;jet_parallax_layout_list&quot;:[]}\">\n\t\t\t\t\t<div class=\"e-con-inner\">\n\t\t\t\t<div class=\"elementor-element elementor-element-3da0859 elementor-widget elementor-widget-text-editor\" data-id=\"3da0859\" data-element_type=\"widget\" data-e-type=\"widget\" data-widget_type=\"text-editor.default\">\n\t\t\t\t\t\t\t\t\t<h3 style=\"font-family: 'Playfair Display', Helvetica; color: #7a7a7a;\"><img loading=\"lazy\" decoding=\"async\" class=\"alignnone wp-image-30147 size-medium\" src=\"https:\/\/silviafernandez.com\/wp-content\/uploads\/2024\/08\/Vestidos-de-novia-2024-Silvia-Fernandez-MUSAS-ADELAIDA-1-200x300.jpg\" alt=\"Abiti da sposa 2025 Silvia Fernandez MUSAS ADELAIDA 1\" width=\"200\" height=\"300\" srcset=\"https:\/\/silviafernandez.com\/wp-content\/uploads\/2024\/08\/Vestidos-de-novia-2024-Silvia-Fernandez-MUSAS-ADELAIDA-1-200x300.jpg 200w, https:\/\/silviafernandez.com\/wp-content\/uploads\/2024\/08\/Vestidos-de-novia-2024-Silvia-Fernandez-MUSAS-ADELAIDA-1-8x12.jpg 8w, https:\/\/silviafernandez.com\/wp-content\/uploads\/2024\/08\/Vestidos-de-novia-2024-Silvia-Fernandez-MUSAS-ADELAIDA-1-400x600.jpg 400w, https:\/\/silviafernandez.com\/wp-content\/uploads\/2024\/08\/Vestidos-de-novia-2024-Silvia-Fernandez-MUSAS-ADELAIDA-1-500x750.jpg 500w, https:\/\/silviafernandez.com\/wp-content\/uploads\/2024\/08\/Vestidos-de-novia-2024-Silvia-Fernandez-MUSAS-ADELAIDA-1.jpg 667w\" sizes=\"(max-width: 200px) 100vw, 200px\" \/><\/h3><p style=\"font-family: 'Playfair Display', Helvetica; color: #7a7a7a;\"><a href=\"https:\/\/silviafernandez.com\/it\/vestidos-de-novia\/musas\/adelaida\/\">Adelaida<\/a><\/p>\t\t\t\t\t\t\t\t<\/div>\n\t\t\t\t\t<\/div>\n\t\t\t\t<\/div>\n\t\t<div class=\"elementor-element elementor-element-b8cba46 e-flex e-con-boxed e-con e-parent\" data-id=\"b8cba46\" data-element_type=\"container\" data-e-type=\"container\" data-settings=\"{&quot;jet_parallax_layout_list&quot;:[]}\">\n\t\t\t\t\t<div class=\"e-con-inner\">\n\t\t\t\t\t<\/div>\n\t\t\t\t<\/div>\n\t\t\t\t<\/div>","protected":false},"excerpt":{"rendered":"<p>Vestidos de novia que reflejan tu personalidad, ahora en el nuevo atelier de Silvia Fern\u00e1ndez en Santander, destino de paisajes \u00fanicos y encanto costero, perfecto para una experiencia inolvidable en moda nupcial\u00a0en Cantabria. Desde el momento en que cruzas la puerta, nuestro equipo se dedica a conocer tu visi\u00f3n y guiarte en cada etapa del [&hellip;]<\/p>\n","protected":false},"author":234,"featured_media":30595,"comment_status":"closed","ping_status":"open","sticky":false,"template":"","format":"standard","meta":{"footnotes":""},"categories":[],"tags":[],"class_list":["post-31376","post","type-post","status-publish","format-standard","has-post-thumbnail","hentry"],"_links":{"self":[{"href":"https:\/\/silviafernandez.com\/it\/wp-json\/wp\/v2\/posts\/31376","targetHints":{"allow":["GET"]}}],"collection":[{"href":"https:\/\/silviafernandez.com\/it\/wp-json\/wp\/v2\/posts"}],"about":[{"href":"https:\/\/silviafernandez.com\/it\/wp-json\/wp\/v2\/types\/post"}],"author":[{"embeddable":true,"href":"https:\/\/silviafernandez.com\/it\/wp-json\/wp\/v2\/users\/234"}],"replies":[{"embeddable":true,"href":"https:\/\/silviafernandez.com\/it\/wp-json\/wp\/v2\/comments?post=31376"}],"version-history":[{"count":3,"href":"https:\/\/silviafernandez.com\/it\/wp-json\/wp\/v2\/posts\/31376\/revisions"}],"predecessor-version":[{"id":35736,"href":"https:\/\/silviafernandez.com\/it\/wp-json\/wp\/v2\/posts\/31376\/revisions\/35736"}],"wp:featuredmedia":[{"embeddable":true,"href":"https:\/\/silviafernandez.com\/it\/wp-json\/wp\/v2\/media\/30595"}],"wp:attachment":[{"href":"https:\/\/silviafernandez.com\/it\/wp-json\/wp\/v2\/media?parent=31376"}],"wp:term":[{"taxonomy":"category","embeddable":true,"href":"https:\/\/silviafernandez.com\/it\/wp-json\/wp\/v2\/categories?post=31376"},{"taxonomy":"post_tag","embeddable":true,"href":"https:\/\/silviafernandez.com\/it\/wp-json\/wp\/v2\/tags?post=31376"}],"curies":[{"name":"wp","href":"https:\/\/api.w.org\/{rel}","templated":true}]}}